{"id":1862,"date":"2022-06-24T13:33:07","date_gmt":"2022-06-24T11:33:07","guid":{"rendered":"http:\/\/www.moderneducation.eu\/?p=1862"},"modified":"2022-06-24T13:33:07","modified_gmt":"2022-06-24T11:33:07","slug":"akredytacja-erasmus-%f0%9f%93%8c-%f0%9f%94%9d-%f0%9f%93%a3","status":"publish","type":"post","link":"https:\/\/www.moderneducation.eu\/?p=1862","title":{"rendered":"Akredytacja Erasmus+ \ud83d\udccc \ud83d\udd1d \ud83d\udce3"},"content":{"rendered":"<div id=\"dslc-theme-content\"><div id=\"dslc-theme-content-inner\"><p class=\"p1\">Mi\u0142o nam poinformowa\u0107, \u017ce dnia 17 lutego 2022 dotar\u0142a do nas wiadomo\u015b\u0107 nast\u0119puj\u0105cej tre\u015bci:<\/p>\n<p>Szanowni Pa\u0144stwo,<\/p>\n<p>Fundacja Rozwoju Systemu Edukacji \u2013 Narodowa Agencja Programu Erasmus+<em>&nbsp;<\/em>informuje o wynikach konkursu wniosk\u00f3w o&nbsp;Akredytacj\u0119&nbsp;w sektorze Edukacja szkolna z\u0142o\u017conych w ramach&nbsp;akcji 1.&nbsp;programu Erasmus+ w konkursie 2021.<\/p>\n<p>Informujemy, \u017ce Pa\u0144stwa organizacji zosta\u0142a przyznana&nbsp;Akredytacja&nbsp;Erasmusa w sektorze Edukacja szkolna. Jest to &nbsp;Akredytacja&nbsp;indywidualna. Z\u0142o\u017cony wniosek uzyska\u0142 \u0142\u0105cznie<strong>&nbsp;91.0&nbsp;<\/strong>pkt. na 100 mo\u017cliwych.\n<\/p><p class=\"p1\">Nasza szko\u0142a otrzyma\u0142a Akredytacj\u0119 Erasmusa w sektorze Edukacja Szkolna. Oznacza to, \u017ce nasi nauczyciele stworzyli plan realizacji wysokiej jako\u015bci dzia\u0142a\u0144 w zakresie mobilno\u015bci edukacyjnej. Akredytacja to certyfikat umo\u017cliwiaj\u0105cy systematyczne finansowanie dzia\u0142a\u0144 obj\u0119tych tzw. Planem Erasmusa. W ostatnim rozdaniu o Akredytacj\u0119 ubiega\u0142o si\u0119 217 szk\u00f3\u0142 z ca\u0142ej Polski, otrzyma\u0142o j\u0105 117 szk\u00f3\u0142. Wniosek naszej szko\u0142y zosta\u0142 oceniony jako trzeci najlepszy.<span class=\"Apple-converted-space\">&nbsp;<\/span><\/p>\n\n\n<figure class=\"wp-block-image\"><img fetchpriority=\"high\" decoding=\"async\" width=\"1024\" height=\"587\" src=\"http:\/\/www.moderneducation.eu\/wp-content\/uploads\/2022\/06\/Zrzut-ekranu-2022-06-24-o-13.22.23-1-1024x587.png\" alt=\"\" class=\"wp-image-1864\" srcset=\"https:\/\/www.moderneducation.eu\/wp-content\/uploads\/2022\/06\/Zrzut-ekranu-2022-06-24-o-13.22.23-1-1024x587.png 1024w, https:\/\/www.moderneducation.eu\/wp-content\/uploads\/2022\/06\/Zrzut-ekranu-2022-06-24-o-13.22.23-1-300x172.png 300w, https:\/\/www.moderneducation.eu\/wp-content\/uploads\/2022\/06\/Zrzut-ekranu-2022-06-24-o-13.22.23-1-768x440.png 768w, https:\/\/www.moderneducation.eu\/wp-content\/uploads\/2022\/06\/Zrzut-ekranu-2022-06-24-o-13.22.23-1.png 1973w\" sizes=\"(max-width: 1024px) 100vw, 1024px\" \/><\/figure>\n<\/div><\/div>","protected":false},"excerpt":{"rendered":"<p>Mi\u0142o nam poinformowa\u0107, \u017ce dnia 17 lutego 2022 dotar\u0142a do nas wiadomo\u015b\u0107 nast\u0119puj\u0105cej tre\u015bci: Szanowni Pa\u0144stwo, Fundacja Rozwoju Systemu Edukacji \u2013 Narodowa Agencja Programu Erasmus+&nbsp;informuje o wynikach konkursu wniosk\u00f3w o&nbsp;Akredytacj\u0119&nbsp;w sektorze Edukacja szkolna z\u0142o\u017conych w ramach&nbsp;akcji 1.&nbsp;programu Erasmus+ w konkursie <a href=\"https:\/\/www.moderneducation.eu\/?p=1862\" class=\"read-more\">Read More &#8230;<\/a><\/p>\n","protected":false},"author":1,"featured_media":0,"comment_status":"closed","ping_status":"closed","sticky":false,"template":"","format":"standard","meta":{"footnotes":""},"categories":[1],"tags":[],"class_list":["post-1862","post","type-post","status-publish","format-standard","hentry","category-bez-kategorii"],"_links":{"self":[{"href":"https:\/\/www.moderneducation.eu\/index.php?rest_route=\/wp\/v2\/posts\/1862","targetHints":{"allow":["GET"]}}],"collection":[{"href":"https:\/\/www.moderneducation.eu\/index.php?rest_route=\/wp\/v2\/posts"}],"about":[{"href":"https:\/\/www.moderneducation.eu\/index.php?rest_route=\/wp\/v2\/types\/post"}],"author":[{"embeddable":true,"href":"https:\/\/www.moderneducation.eu\/index.php?rest_route=\/wp\/v2\/users\/1"}],"replies":[{"embeddable":true,"href":"https:\/\/www.moderneducation.eu\/index.php?rest_route=%2Fwp%2Fv2%2Fcomments&post=1862"}],"version-history":[{"count":2,"href":"https:\/\/www.moderneducation.eu\/index.php?rest_route=\/wp\/v2\/posts\/1862\/revisions"}],"predecessor-version":[{"id":1865,"href":"https:\/\/www.moderneducation.eu\/index.php?rest_route=\/wp\/v2\/posts\/1862\/revisions\/1865"}],"wp:attachment":[{"href":"https:\/\/www.moderneducation.eu\/index.php?rest_route=%2Fwp%2Fv2%2Fmedia&parent=1862"}],"wp:term":[{"taxonomy":"category","embeddable":true,"href":"https:\/\/www.moderneducation.eu\/index.php?rest_route=%2Fwp%2Fv2%2Fcategories&post=1862"},{"taxonomy":"post_tag","embeddable":true,"href":"https:\/\/www.moderneducation.eu\/index.php?rest_route=%2Fwp%2Fv2%2Ftags&post=1862"}],"curies":[{"name":"wp","href":"https:\/\/api.w.org\/{rel}","templated":true}]}}